{"id":1097,"date":"2024-02-23T07:55:21","date_gmt":"2024-02-23T07:55:21","guid":{"rendered":"https:\/\/hannah-ehlers.de\/?p=1097"},"modified":"2024-02-23T07:57:13","modified_gmt":"2024-02-23T07:57:13","slug":"verlegt-pia-piratenprinzessin-beim-razzopenuto-verlag","status":"publish","type":"post","link":"https:\/\/hannah-ehlers.de\/?p=1097","title":{"rendered":"Verlegt! Pia Piratenprinzessin beim Razzopenuto Verlag"},"content":{"rendered":"\n<figure class=\"wp-block-image size-large\"><img loading=\"lazy\" decoding=\"async\" width=\"819\" height=\"1024\" src=\"https:\/\/hannah-ehlers.de\/wp-content\/uploads\/2024\/02\/img_20240220_155125_3028884016103252628001-2-819x1024.jpg\" alt=\"\" class=\"wp-image-1096\" srcset=\"https:\/\/hannah-ehlers.de\/wp-content\/uploads\/2024\/02\/img_20240220_155125_3028884016103252628001-2-819x1024.jpg 819w, https:\/\/hannah-ehlers.de\/wp-content\/uploads\/2024\/02\/img_20240220_155125_3028884016103252628001-2-240x300.jpg 240w, https:\/\/hannah-ehlers.de\/wp-content\/uploads\/2024\/02\/img_20240220_155125_3028884016103252628001-2-768x960.jpg 768w, https:\/\/hannah-ehlers.de\/wp-content\/uploads\/2024\/02\/img_20240220_155125_3028884016103252628001-2-1229x1536.jpg 1229w, https:\/\/hannah-ehlers.de\/wp-content\/uploads\/2024\/02\/img_20240220_155125_3028884016103252628001-2.jpg 1600w\" sizes=\"auto, (max-width: 767px) 89vw, (max-width: 1000px) 54vw, (max-width: 1071px) 543px, 580px\" \/><figcaption class=\"wp-element-caption\">Zeichnung: S. Hersberger, Coloration H. Ehlers<\/figcaption><\/figure>\n\n\n\n<p>Juhuu! <a href=\"https:\/\/hannah-ehlers.de\/?page_id=534\" target=\"_blank\" rel=\"noreferrer noopener\">Pia Piratenprinzessin<\/a> ist bereit, die gro\u00dfe, weite Welt zu erkunden &#8211; und wird dabei in Zukunft vom Razzopenuto Kindertheater Verlag unterst\u00fctzt! <\/p>\n\n\n\n<p>Ich freue mich sehr \u00fcber die Publikation und hoffe, dass mein geliebtes Kindermusical und ihre Heldin so endlich ihre B\u00fchnen finden. <\/p>\n\n\n\n<p>Falls hier irgendjemand Interesse an einem coolen, abenteuerlichen Solo-St\u00fcck f\u00fcr Kinder ab 7 Jahren hat, schaut <a href=\"https:\/\/www.razzopenuto.eu\/autorenverzeichnis\/ehlers,-hannah\/pia-piratenprinzessin.html?kategorie=23\" target=\"_blank\" rel=\"noreferrer noopener\">beim Verlag<\/a> oder meldet euch bei mir! Ich lasse euch gerne alle weiteren Infos und Kontakte zukommen.<\/p>\n\n\n\n<p>Also setzt die Segel und Ahoi! Munter voran Richtung Fr\u00fchling \u263a\ufe0f<\/p>\n\n\n\n<p>Liebe Gr\u00fc\u00dfe, eure Hannah<\/p>\n","protected":false},"excerpt":{"rendered":"<p>Juhuu! Pia Piratenprinzessin ist bereit, die gro\u00dfe, weite Welt zu erkunden &#8211; und wird dabei in Zukunft vom Razzopenuto Kindertheater Verlag unterst\u00fctzt! Ich freue mich sehr \u00fcber die Publikation und hoffe, dass mein geliebtes Kindermusical und ihre Heldin so endlich ihre B\u00fchnen finden. Falls hier irgendjemand Interesse an einem coolen, abenteuerlichen Solo-St\u00fcck f\u00fcr Kinder ab &hellip; <\/p>\n<p class=\"link-more\"><a href=\"https:\/\/hannah-ehlers.de\/?p=1097\" class=\"more-link\"><span class=\"screen-reader-text\">\u201eVerlegt! Pia Piratenprinzessin beim Razzopenuto Verlag\u201c <\/span>weiterlesen<\/a><\/p>\n","protected":false},"author":1,"featured_media":0,"comment_status":"open","ping_status":"open","sticky":false,"template":"","format":"standard","meta":{"jetpack_post_was_ever_published":false,"_jetpack_newsletter_access":"","_jetpack_dont_email_post_to_subs":false,"_jetpack_newsletter_tier_id":0,"_jetpack_memberships_contains_paywalled_content":false,"_jetpack_memberships_contains_paid_content":false,"footnotes":"","jetpack_publicize_message":"","jetpack_publicize_feature_enabled":true,"jetpack_social_post_already_shared":true,"jetpack_social_options":{"image_generator_settings":{"template":"highway","default_image_id":0,"font":"","enabled":false},"version":2}},"categories":[4],"tags":[],"class_list":["post-1097","post","type-post","status-publish","format-standard","hentry","category-aktuelles"],"jetpack_publicize_connections":[],"jetpack_featured_media_url":"","jetpack_sharing_enabled":true,"jetpack_shortlink":"https:\/\/wp.me\/pa9wQr-hH","_links":{"self":[{"href":"https:\/\/hannah-ehlers.de\/index.php?rest_route=\/wp\/v2\/posts\/1097","targetHints":{"allow":["GET"]}}],"collection":[{"href":"https:\/\/hannah-ehlers.de\/index.php?rest_route=\/wp\/v2\/posts"}],"about":[{"href":"https:\/\/hannah-ehlers.de\/index.php?rest_route=\/wp\/v2\/types\/post"}],"author":[{"embeddable":true,"href":"https:\/\/hannah-ehlers.de\/index.php?rest_route=\/wp\/v2\/users\/1"}],"replies":[{"embeddable":true,"href":"https:\/\/hannah-ehlers.de\/index.php?rest_route=%2Fwp%2Fv2%2Fcomments&post=1097"}],"version-history":[{"count":1,"href":"https:\/\/hannah-ehlers.de\/index.php?rest_route=\/wp\/v2\/posts\/1097\/revisions"}],"predecessor-version":[{"id":1098,"href":"https:\/\/hannah-ehlers.de\/index.php?rest_route=\/wp\/v2\/posts\/1097\/revisions\/1098"}],"wp:attachment":[{"href":"https:\/\/hannah-ehlers.de\/index.php?rest_route=%2Fwp%2Fv2%2Fmedia&parent=1097"}],"wp:term":[{"taxonomy":"category","embeddable":true,"href":"https:\/\/hannah-ehlers.de\/index.php?rest_route=%2Fwp%2Fv2%2Fcategories&post=1097"},{"taxonomy":"post_tag","embeddable":true,"href":"https:\/\/hannah-ehlers.de\/index.php?rest_route=%2Fwp%2Fv2%2Ftags&post=1097"}],"curies":[{"name":"wp","href":"https:\/\/api.w.org\/{rel}","templated":true}]}}